{"id":2881,"date":"2022-09-13T13:32:22","date_gmt":"2022-09-13T13:32:22","guid":{"rendered":"https:\/\/www.camaraatlanticosul.com\/?p=2881"},"modified":"2022-09-13T13:32:25","modified_gmt":"2022-09-13T13:32:25","slug":"ccpas-no-brasil-a-convite-do-rotary-club-de-copacabana","status":"publish","type":"post","link":"https:\/\/www.camaraatlanticosul.com\/es\/ccpas-no-brasil-a-convite-do-rotary-club-de-copacabana\/","title":{"rendered":"CCPAS no Brasil a convite do rotary club de copacabana"},"content":{"rendered":"<p>No dia 12 de setembro, o presidente da C\u00e2mara de Com\u00e9rcio Portugal \u2013 Atl\u00e2ntico Sul, Filipe Vasconcelos Rom\u00e3o, fez uma apresenta\u00e7\u00e3o sobre as rela\u00e7\u00f5es comerciais entre Portugal e o Brasil a convite do Rotary Club de Copacabana. A an\u00e1lise incidiu sobre os constrangimentos impostos pela aus\u00eancia de um acordo entre a Uni\u00e3o Europeia e o Mercosul e sobre a forma como estes poder\u00e3o ser minimizados pelas empresas dos dois pa\u00edses.<\/p>\n\n\n\n<figure class=\"wp-block-gallery has-nested-images columns-default is-cropped wp-block-gallery-1 is-layout-flex wp-block-gallery-is-layout-flex\">\n<figure class=\"wp-block-image size-large\"><img loading=\"lazy\" decoding=\"async\" width=\"841\" height=\"1024\" data-id=\"2882\" src=\"https:\/\/www.camaraatlanticosul.com\/wp-content\/uploads\/2022\/09\/WhatsApp-Image-2022-09-13-at-13.04.05-841x1024.jpeg\" alt=\"\" class=\"wp-image-2882\" srcset=\"https:\/\/www.camaraatlanticosul.com\/wp-content\/uploads\/2022\/09\/WhatsApp-Image-2022-09-13-at-13.04.05-841x1024.jpeg 841w, https:\/\/www.camaraatlanticosul.com\/wp-content\/uploads\/2022\/09\/WhatsApp-Image-2022-09-13-at-13.04.05-246x300.jpeg 246w, https:\/\/www.camaraatlanticosul.com\/wp-content\/uploads\/2022\/09\/WhatsApp-Image-2022-09-13-at-13.04.05-768x935.jpeg 768w, https:\/\/www.camaraatlanticosul.com\/wp-content\/uploads\/2022\/09\/WhatsApp-Image-2022-09-13-at-13.04.05-1261x1536.jpeg 1261w, https:\/\/www.camaraatlanticosul.com\/wp-content\/uploads\/2022\/09\/WhatsApp-Image-2022-09-13-at-13.04.05.jpeg 1284w\" sizes=\"auto, (max-width: 841px) 100vw, 841px\" \/><\/figure>\n\n\n\n<figure class=\"wp-block-image size-large\"><img loading=\"lazy\" decoding=\"async\" width=\"1024\" height=\"585\" data-id=\"2883\" src=\"https:\/\/www.camaraatlanticosul.com\/wp-content\/uploads\/2022\/09\/WhatsApp-Image-2022-09-13-at-13.03.59-1024x585.jpeg\" alt=\"\" class=\"wp-image-2883\" srcset=\"https:\/\/www.camaraatlanticosul.com\/wp-content\/uploads\/2022\/09\/WhatsApp-Image-2022-09-13-at-13.03.59-1024x585.jpeg 1024w, https:\/\/www.camaraatlanticosul.com\/wp-content\/uploads\/2022\/09\/WhatsApp-Image-2022-09-13-at-13.03.59-300x171.jpeg 300w, https:\/\/www.camaraatlanticosul.com\/wp-content\/uploads\/2022\/09\/WhatsApp-Image-2022-09-13-at-13.03.59-768x439.jpeg 768w, https:\/\/www.camaraatlanticosul.com\/wp-content\/uploads\/2022\/09\/WhatsApp-Image-2022-09-13-at-13.03.59.jpeg 1284w\" sizes=\"auto, (max-width: 1024px) 100vw, 1024px\" \/><\/figure>\n\n\n\n<figure class=\"wp-block-image size-large\"><img loading=\"lazy\" decoding=\"async\" width=\"635\" height=\"1024\" data-id=\"2884\" src=\"https:\/\/www.camaraatlanticosul.com\/wp-content\/uploads\/2022\/09\/WhatsApp-Image-2022-09-13-at-13.03.56-635x1024.jpeg\" alt=\"\" class=\"wp-image-2884\" srcset=\"https:\/\/www.camaraatlanticosul.com\/wp-content\/uploads\/2022\/09\/WhatsApp-Image-2022-09-13-at-13.03.56-635x1024.jpeg 635w, https:\/\/www.camaraatlanticosul.com\/wp-content\/uploads\/2022\/09\/WhatsApp-Image-2022-09-13-at-13.03.56-186x300.jpeg 186w, https:\/\/www.camaraatlanticosul.com\/wp-content\/uploads\/2022\/09\/WhatsApp-Image-2022-09-13-at-13.03.56-768x1239.jpeg 768w, https:\/\/www.camaraatlanticosul.com\/wp-content\/uploads\/2022\/09\/WhatsApp-Image-2022-09-13-at-13.03.56-952x1536.jpeg 952w, https:\/\/www.camaraatlanticosul.com\/wp-content\/uploads\/2022\/09\/WhatsApp-Image-2022-09-13-at-13.03.56.jpeg 1190w\" sizes=\"auto, (max-width: 635px) 100vw, 635px\" \/><\/figure>\n<\/figure>","protected":false},"excerpt":{"rendered":"<p>No dia 12 de setembro, o presidente da C\u00e2mara de Com\u00e9rcio Portugal \u2013 Atl\u00e2ntico Sul fez uma apresenta\u00e7\u00e3o sobre as rela\u00e7\u00f5es comerciais entre Portugal e o Brasil a convite do Rotary Club de Copacabana. A an\u00e1lise incidiu sobre os constrangimentos impostos pela aus\u00eancia de um acordo entre a Uni\u00e3o Europeia e o Mercosul e sobre a forma como estes poder\u00e3o ser minimizados pelas empresas dos dois pa\u00edses.<\/p>","protected":false},"author":3,"featured_media":2883,"comment_status":"closed","ping_status":"open","sticky":false,"template":"","format":"standard","meta":{"site-sidebar-layout":"default","site-content-layout":"default","ast-global-header-display":"","ast-main-header-display":"","ast-hfb-above-header-display":"","ast-hfb-below-header-display":"","ast-hfb-mobile-header-display":"","site-post-title":"","ast-breadcrumbs-content":"","ast-featured-img":"","footer-sml-layout":"","theme-transparent-header-meta":"","adv-header-id-meta":"","stick-header-meta":"","header-above-stick-meta":"","header-main-stick-meta":"","header-below-stick-meta":"","footnotes":""},"categories":[17,5],"tags":[],"class_list":["post-2881","post","type-post","status-publish","format-standard","has-post-thumbnail","hentry","category-home-page","category-noticias"],"_links":{"self":[{"href":"https:\/\/www.camaraatlanticosul.com\/es\/wp-json\/wp\/v2\/posts\/2881","targetHints":{"allow":["GET"]}}],"collection":[{"href":"https:\/\/www.camaraatlanticosul.com\/es\/wp-json\/wp\/v2\/posts"}],"about":[{"href":"https:\/\/www.camaraatlanticosul.com\/es\/wp-json\/wp\/v2\/types\/post"}],"author":[{"embeddable":true,"href":"https:\/\/www.camaraatlanticosul.com\/es\/wp-json\/wp\/v2\/users\/3"}],"replies":[{"embeddable":true,"href":"https:\/\/www.camaraatlanticosul.com\/es\/wp-json\/wp\/v2\/comments?post=2881"}],"version-history":[{"count":1,"href":"https:\/\/www.camaraatlanticosul.com\/es\/wp-json\/wp\/v2\/posts\/2881\/revisions"}],"predecessor-version":[{"id":2885,"href":"https:\/\/www.camaraatlanticosul.com\/es\/wp-json\/wp\/v2\/posts\/2881\/revisions\/2885"}],"wp:featuredmedia":[{"embeddable":true,"href":"https:\/\/www.camaraatlanticosul.com\/es\/wp-json\/wp\/v2\/media\/2883"}],"wp:attachment":[{"href":"https:\/\/www.camaraatlanticosul.com\/es\/wp-json\/wp\/v2\/media?parent=2881"}],"wp:term":[{"taxonomy":"category","embeddable":true,"href":"https:\/\/www.camaraatlanticosul.com\/es\/wp-json\/wp\/v2\/categories?post=2881"},{"taxonomy":"post_tag","embeddable":true,"href":"https:\/\/www.camaraatlanticosul.com\/es\/wp-json\/wp\/v2\/tags?post=2881"}],"curies":[{"name":"wp","href":"https:\/\/api.w.org\/{rel}","templated":true}]}}