{"id":2869,"date":"2022-08-25T14:10:37","date_gmt":"2022-08-25T14:10:37","guid":{"rendered":"https:\/\/www.camaraatlanticosul.com\/?p=2869"},"modified":"2022-08-25T14:11:54","modified_gmt":"2022-08-25T14:11:54","slug":"missao-agroalimentar-uruguai-argentina-de-19-a-23-de-setembro-em-parceria-com-a-portugalfoods","status":"publish","type":"post","link":"https:\/\/www.camaraatlanticosul.com\/es\/missao-agroalimentar-uruguai-argentina-de-19-a-23-de-setembro-em-parceria-com-a-portugalfoods\/","title":{"rendered":"Miss\u00e3o Agroalimentar &#8211; Uruguai\/Argentina de 19 a 23 de setembro em parceria com a PortugalFoods"},"content":{"rendered":"<p>No \u00e2mbito da parceria entre a PortugalFoods e a C\u00e2mara de Com\u00e9rcio Portugal \u2013 Atl\u00e2ntico Sul e do conjunto de atividades em desenvolvimento para os mercados da Am\u00e9rica Latina, estamos a organizar uma Miss\u00e3o Empresarial da Fileira Agroalimentar ao Uruguai e Argentina entre os dias&nbsp;19 e 23 de setembro de 2022.<\/p>\n\n\n\n<p>Esta a\u00e7\u00e3o n\u00e3o \u00e9 financiada atrav\u00e9s do projeto de internacionaliza\u00e7\u00e3o da PortugalFoods, mas pode ser enquadrada como despesa de consultoria nos projetos de internacionaliza\u00e7\u00e3o individuais das empresas.<\/p>\n\n\n\n<p>\u00c0s empresas associadas da PortugalFoods ser\u00e1 aplicado um desconto de 10%.<\/p>\n\n\n\n<p>As empresas interessadas em participar poder\u00e3o inscrever-se em um ou dois mercados, enviando a ficha de inscri\u00e7\u00e3o at\u00e9 ao dia&nbsp;26 de agosto de 2022&nbsp;para:&nbsp;market.division@portugalfoods.org<\/p>\n\n\n\n<p><a href=\"https:\/\/www.portugalfoods.org\/downloads\/2022\/ago\/02\/programa-indicativo.pdf\">Programa Indicativo<\/a><br><a href=\"https:\/\/www.portugalfoods.org\/downloads\/2022\/ago\/02\/condicoes-participacao.pdf\">Condi\u00e7\u00f5es de Participa\u00e7\u00e3o<\/a><br><a href=\"https:\/\/www.portugalfoods.org\/downloads\/2022\/ago\/02\/ficha-inscricao-ccpas.pdf\">Ficha de Inscri\u00e7\u00e3o<\/a><\/p>","protected":false},"excerpt":{"rendered":"<p>No \u00e2mbito da parceria entre a PortugalFoods e a C\u00e2mara de Com\u00e9rcio Portugal \u2013 Atl\u00e2ntico Sul e do conjunto de atividades em desenvolvimento para os mercados da Am\u00e9rica Latina, estamos a organizar uma Miss\u00e3o Empresarial da Fileira Agroalimentar ao Uruguai e Argentina entre os dias 19 e 23 de setembro de 2022.<\/p>","protected":false},"author":3,"featured_media":2870,"comment_status":"closed","ping_status":"open","sticky":false,"template":"","format":"standard","meta":{"site-sidebar-layout":"default","site-content-layout":"default","ast-global-header-display":"","ast-main-header-display":"","ast-hfb-above-header-display":"","ast-hfb-below-header-display":"","ast-hfb-mobile-header-display":"","site-post-title":"","ast-breadcrumbs-content":"","ast-featured-img":"","footer-sml-layout":"","theme-transparent-header-meta":"","adv-header-id-meta":"","stick-header-meta":"","header-above-stick-meta":"","header-main-stick-meta":"","header-below-stick-meta":"","footnotes":""},"categories":[17,5],"tags":[],"class_list":["post-2869","post","type-post","status-publish","format-standard","has-post-thumbnail","hentry","category-home-page","category-noticias"],"_links":{"self":[{"href":"https:\/\/www.camaraatlanticosul.com\/es\/wp-json\/wp\/v2\/posts\/2869","targetHints":{"allow":["GET"]}}],"collection":[{"href":"https:\/\/www.camaraatlanticosul.com\/es\/wp-json\/wp\/v2\/posts"}],"about":[{"href":"https:\/\/www.camaraatlanticosul.com\/es\/wp-json\/wp\/v2\/types\/post"}],"author":[{"embeddable":true,"href":"https:\/\/www.camaraatlanticosul.com\/es\/wp-json\/wp\/v2\/users\/3"}],"replies":[{"embeddable":true,"href":"https:\/\/www.camaraatlanticosul.com\/es\/wp-json\/wp\/v2\/comments?post=2869"}],"version-history":[{"count":2,"href":"https:\/\/www.camaraatlanticosul.com\/es\/wp-json\/wp\/v2\/posts\/2869\/revisions"}],"predecessor-version":[{"id":2872,"href":"https:\/\/www.camaraatlanticosul.com\/es\/wp-json\/wp\/v2\/posts\/2869\/revisions\/2872"}],"wp:featuredmedia":[{"embeddable":true,"href":"https:\/\/www.camaraatlanticosul.com\/es\/wp-json\/wp\/v2\/media\/2870"}],"wp:attachment":[{"href":"https:\/\/www.camaraatlanticosul.com\/es\/wp-json\/wp\/v2\/media?parent=2869"}],"wp:term":[{"taxonomy":"category","embeddable":true,"href":"https:\/\/www.camaraatlanticosul.com\/es\/wp-json\/wp\/v2\/categories?post=2869"},{"taxonomy":"post_tag","embeddable":true,"href":"https:\/\/www.camaraatlanticosul.com\/es\/wp-json\/wp\/v2\/tags?post=2869"}],"curies":[{"name":"wp","href":"https:\/\/api.w.org\/{rel}","templated":true}]}}