{"id":2373,"date":"2021-10-19T15:35:23","date_gmt":"2021-10-19T15:35:23","guid":{"rendered":"https:\/\/www.camaraatlanticosul.com\/?p=2373"},"modified":"2021-10-28T09:44:13","modified_gmt":"2021-10-28T09:44:13","slug":"ccpas-no-2o-dia-da-visita-do-embaixador-da-republica-do-panama-em-portugal-ao-centro-e-norte-do-pais","status":"publish","type":"post","link":"https:\/\/www.camaraatlanticosul.com\/es\/ccpas-no-2o-dia-da-visita-do-embaixador-da-republica-do-panama-em-portugal-ao-centro-e-norte-do-pais\/","title":{"rendered":"CCPAS no 2\u00ba dia da visita do Embaixador da Rep\u00fablica do Panam\u00e1 em Portugal ao centro e norte do pa\u00eds"},"content":{"rendered":"<p>Decorreu na passada quinta-feira, 14 de outubro, o segundo dia da visita do Embaixador da Rep\u00fablica do Panam\u00e1 em Portugal, Pablo Garrido, ao Centro e Norte do nosso pa\u00eds, com objetivo de conhecer e contactar com o tecido empresarial destas regi\u00f5es.<\/p>\n\n\n\n<p>Durante a manh\u00e3, a comitiva visitou a Associa\u00e7\u00e3o Empresarial de Portugal (AEP), entidade parceira da CCPAS, onde foi recebida pelo administrador Paulo Vaz e por Jorge Marcolino, diretor da \u00c1rea Internacional. Depois, na AST Ambiente, empresa que oferece solu\u00e7\u00f5es e servi\u00e7os na \u00e1rea dos res\u00edduos, o Embaixador manteve uma reuni\u00e3o de trabalho. \u00c0 tarde, teve lugar uma visita \u00e0s instala\u00e7\u00f5es da CJR, dedicada \u00e0 presta\u00e7\u00e3o de servi\u00e7os na \u00e1rea das energias renov\u00e1veis.<\/p>\n\n\n\n<p>Este foi o \u00faltimo de dois dias de visita do Embaixador Pablo Garrido \u00e0s regi\u00f5es Centro e Norte de Portugal. A organiza\u00e7\u00e3o esteve a cargo da C\u00e2mara de Com\u00e9rcio Portugal \u2013 Atl\u00e2ntico Sul, em colabora\u00e7\u00e3o com a Embaixada do Panam\u00e1 em Lisboa.<\/p>","protected":false},"excerpt":{"rendered":"<p>Decorreu na passada quinta-feira, 14 de outubro, o segundo dia da visita do Embaixador da Rep\u00fablica do Panam\u00e1 em Portugal, Pablo Garrido, ao Centro e Norte do nosso pa\u00eds, com objetivo de conhecer e contactar com o tecido empresarial destas regi\u00f5es. Durante a manh\u00e3, a comitiva visitou a Associa\u00e7\u00e3o Empresarial de Portugal (AEP), entidade parceira &hellip;<\/p>\n<p class=\"read-more\"> <a class=\"\" href=\"https:\/\/www.camaraatlanticosul.com\/es\/ccpas-no-2o-dia-da-visita-do-embaixador-da-republica-do-panama-em-portugal-ao-centro-e-norte-do-pais\/\"> <span class=\"screen-reader-text\">CCPAS no 2\u00ba dia da visita do Embaixador da Rep\u00fablica do Panam\u00e1 em Portugal ao centro e norte do pa\u00eds<\/span> Leer m\u00e1s &raquo;<\/a><\/p>","protected":false},"author":1,"featured_media":2374,"comment_status":"closed","ping_status":"open","sticky":false,"template":"","format":"standard","meta":{"site-sidebar-layout":"default","site-content-layout":"default","ast-global-header-display":"","ast-main-header-display":"","ast-hfb-above-header-display":"","ast-hfb-below-header-display":"","ast-hfb-mobile-header-display":"","site-post-title":"","ast-breadcrumbs-content":"","ast-featured-img":"","footer-sml-layout":"","theme-transparent-header-meta":"default","adv-header-id-meta":"","stick-header-meta":"","header-above-stick-meta":"","header-main-stick-meta":"","header-below-stick-meta":"","footnotes":""},"categories":[17,5],"tags":[],"class_list":["post-2373","post","type-post","status-publish","format-standard","has-post-thumbnail","hentry","category-home-page","category-noticias"],"_links":{"self":[{"href":"https:\/\/www.camaraatlanticosul.com\/es\/wp-json\/wp\/v2\/posts\/2373","targetHints":{"allow":["GET"]}}],"collection":[{"href":"https:\/\/www.camaraatlanticosul.com\/es\/wp-json\/wp\/v2\/posts"}],"about":[{"href":"https:\/\/www.camaraatlanticosul.com\/es\/wp-json\/wp\/v2\/types\/post"}],"author":[{"embeddable":true,"href":"https:\/\/www.camaraatlanticosul.com\/es\/wp-json\/wp\/v2\/users\/1"}],"replies":[{"embeddable":true,"href":"https:\/\/www.camaraatlanticosul.com\/es\/wp-json\/wp\/v2\/comments?post=2373"}],"version-history":[{"count":1,"href":"https:\/\/www.camaraatlanticosul.com\/es\/wp-json\/wp\/v2\/posts\/2373\/revisions"}],"predecessor-version":[{"id":2375,"href":"https:\/\/www.camaraatlanticosul.com\/es\/wp-json\/wp\/v2\/posts\/2373\/revisions\/2375"}],"wp:featuredmedia":[{"embeddable":true,"href":"https:\/\/www.camaraatlanticosul.com\/es\/wp-json\/wp\/v2\/media\/2374"}],"wp:attachment":[{"href":"https:\/\/www.camaraatlanticosul.com\/es\/wp-json\/wp\/v2\/media?parent=2373"}],"wp:term":[{"taxonomy":"category","embeddable":true,"href":"https:\/\/www.camaraatlanticosul.com\/es\/wp-json\/wp\/v2\/categories?post=2373"},{"taxonomy":"post_tag","embeddable":true,"href":"https:\/\/www.camaraatlanticosul.com\/es\/wp-json\/wp\/v2\/tags?post=2373"}],"curies":[{"name":"wp","href":"https:\/\/api.w.org\/{rel}","templated":true}]}}