{"id":2362,"date":"2021-10-19T15:30:18","date_gmt":"2021-10-19T15:30:18","guid":{"rendered":"https:\/\/www.camaraatlanticosul.com\/?p=2362"},"modified":"2021-10-28T09:35:23","modified_gmt":"2021-10-28T09:35:23","slug":"ccpas-acompanha-1-o-dia-da-visita-do-embaixador-da-republica-do-panama-em-portugal-ao-centro-e-norte-do-pais","status":"publish","type":"post","link":"https:\/\/www.camaraatlanticosul.com\/es\/ccpas-acompanha-1-o-dia-da-visita-do-embaixador-da-republica-do-panama-em-portugal-ao-centro-e-norte-do-pais\/","title":{"rendered":"CCPAS acompanha 1.\u00ba dia da visita do Embaixador da Rep\u00fablica do Panam\u00e1 em Portugal ao centro e norte do pa\u00eds."},"content":{"rendered":"<p>Decorreu entre os dias&nbsp;13 e 14 de outubro&nbsp;a visita ao Centro e Norte de Portugal do Embaixador da Rep\u00fablica do Panam\u00e1 em Portugal,&nbsp;Pablo Garrido.<\/p>\n\n\n\n<p>Esta visita, organizada e acompanhada pela C\u00e2mara de Com\u00e9rcio Portugal -Atl\u00e2ntico Sul, teve em vista o contacto entre as autoridades panamenhas em Portugal e representantes do tecido empresarial destas duas regi\u00f5es. O objetivo foi o estabelecimento de contactos e a explora\u00e7\u00e3o de oportunidades de neg\u00f3cio para as empresas portuguesas no Panam\u00e1.<\/p>\n\n\n\n<p>A manh\u00e3 do dia 13 de outubro foi dedicada a uma&nbsp;visita ao Instituto Pedro Nunes (IPN), criado pela Universidade de Coimbra com o objetivo de promover uma rela\u00e7\u00e3o mais pr\u00f3xima entre o mundo cient\u00edfico e o ambiente de trabalho. A\u00ed, o Embaixador Pablo Garrido teve a oportunidade de conhecer o trabalho do IPN, bem como algumas empresas portuguesas integradas no projeto internacional NOVExport.<\/p>\n\n\n\n<p>\u00c0 tarde, em Aveiro, teve lugar uma reuni\u00e3o com a Magnum Cap (mobilidade el\u00e9trica), e, no Porto, um encontro com a B-Simple, dedicada \u00e0 produ\u00e7\u00e3o de tecnologia hospitalar.<\/p>\n\n\n\n<p>Veja a galeria de fotos do dia:<\/p>\n\n\n\n<figure class=\"wp-block-gallery columns-3 is-cropped wp-block-gallery-1 is-layout-flex wp-block-gallery-is-layout-flex\"><ul class=\"blocks-gallery-grid\"><li class=\"blocks-gallery-item\"><figure><img loading=\"lazy\" decoding=\"async\" width=\"1024\" height=\"683\" src=\"https:\/\/www.camaraatlanticosul.com\/wp-content\/uploads\/2021\/10\/2-1-1024x683.jpg\" alt=\"\" data-id=\"2364\" data-full-url=\"https:\/\/www.camaraatlanticosul.com\/wp-content\/uploads\/2021\/10\/2-1.jpg\" data-link=\"https:\/\/www.camaraatlanticosul.com\/?attachment_id=2364\" class=\"wp-image-2364\" srcset=\"https:\/\/www.camaraatlanticosul.com\/wp-content\/uploads\/2021\/10\/2-1-1024x683.jpg 1024w, https:\/\/www.camaraatlanticosul.com\/wp-content\/uploads\/2021\/10\/2-1-300x200.jpg 300w, https:\/\/www.camaraatlanticosul.com\/wp-content\/uploads\/2021\/10\/2-1-768x512.jpg 768w, https:\/\/www.camaraatlanticosul.com\/wp-content\/uploads\/2021\/10\/2-1-1536x1024.jpg 1536w, https:\/\/www.camaraatlanticosul.com\/wp-content\/uploads\/2021\/10\/2-1.jpg 1920w\" sizes=\"auto, (max-width: 1024px) 100vw, 1024px\" \/><\/figure><\/li><li class=\"blocks-gallery-item\"><figure><img loading=\"lazy\" decoding=\"async\" width=\"1920\" height=\"1280\" src=\"https:\/\/www.camaraatlanticosul.com\/wp-content\/uploads\/2021\/10\/3-1024x683.jpg\" alt=\"\" data-id=\"2365\" data-full-url=\"https:\/\/www.camaraatlanticosul.com\/wp-content\/uploads\/2021\/10\/3.jpg\" data-link=\"https:\/\/www.camaraatlanticosul.com\/?attachment_id=2365\" class=\"wp-image-2365\" srcset=\"https:\/\/www.camaraatlanticosul.com\/wp-content\/uploads\/2021\/10\/3-1024x683.jpg 1024w, https:\/\/www.camaraatlanticosul.com\/wp-content\/uploads\/2021\/10\/3-300x200.jpg 300w, https:\/\/www.camaraatlanticosul.com\/wp-content\/uploads\/2021\/10\/3-768x512.jpg 768w, https:\/\/www.camaraatlanticosul.com\/wp-content\/uploads\/2021\/10\/3-1536x1024.jpg 1536w, https:\/\/www.camaraatlanticosul.com\/wp-content\/uploads\/2021\/10\/3.jpg 1920w\" sizes=\"auto, (max-width: 1920px) 100vw, 1920px\" \/><\/figure><\/li><li class=\"blocks-gallery-item\"><figure><img loading=\"lazy\" decoding=\"async\" width=\"1024\" height=\"683\" src=\"https:\/\/www.camaraatlanticosul.com\/wp-content\/uploads\/2021\/10\/4-1024x683.jpg\" alt=\"\" data-id=\"2366\" data-full-url=\"https:\/\/www.camaraatlanticosul.com\/wp-content\/uploads\/2021\/10\/4.jpg\" data-link=\"https:\/\/www.camaraatlanticosul.com\/?attachment_id=2366\" class=\"wp-image-2366\" srcset=\"https:\/\/www.camaraatlanticosul.com\/wp-content\/uploads\/2021\/10\/4-1024x683.jpg 1024w, https:\/\/www.camaraatlanticosul.com\/wp-content\/uploads\/2021\/10\/4-300x200.jpg 300w, https:\/\/www.camaraatlanticosul.com\/wp-content\/uploads\/2021\/10\/4-768x512.jpg 768w, https:\/\/www.camaraatlanticosul.com\/wp-content\/uploads\/2021\/10\/4-1536x1024.jpg 1536w, https:\/\/www.camaraatlanticosul.com\/wp-content\/uploads\/2021\/10\/4.jpg 1920w\" sizes=\"auto, (max-width: 1024px) 100vw, 1024px\" \/><\/figure><\/li><li class=\"blocks-gallery-item\"><figure><img loading=\"lazy\" decoding=\"async\" width=\"1024\" height=\"683\" src=\"https:\/\/www.camaraatlanticosul.com\/wp-content\/uploads\/2021\/10\/5-1024x683.jpg\" alt=\"\" data-id=\"2367\" data-full-url=\"https:\/\/www.camaraatlanticosul.com\/wp-content\/uploads\/2021\/10\/5.jpg\" data-link=\"https:\/\/www.camaraatlanticosul.com\/?attachment_id=2367\" class=\"wp-image-2367\" srcset=\"https:\/\/www.camaraatlanticosul.com\/wp-content\/uploads\/2021\/10\/5-1024x683.jpg 1024w, https:\/\/www.camaraatlanticosul.com\/wp-content\/uploads\/2021\/10\/5-300x200.jpg 300w, https:\/\/www.camaraatlanticosul.com\/wp-content\/uploads\/2021\/10\/5-768x512.jpg 768w, https:\/\/www.camaraatlanticosul.com\/wp-content\/uploads\/2021\/10\/5-1536x1024.jpg 1536w, https:\/\/www.camaraatlanticosul.com\/wp-content\/uploads\/2021\/10\/5.jpg 1920w\" sizes=\"auto, (max-width: 1024px) 100vw, 1024px\" \/><\/figure><\/li><li class=\"blocks-gallery-item\"><figure><img loading=\"lazy\" decoding=\"async\" width=\"1024\" height=\"683\" src=\"https:\/\/www.camaraatlanticosul.com\/wp-content\/uploads\/2021\/10\/6-1024x683.jpg\" alt=\"\" data-id=\"2368\" data-full-url=\"https:\/\/www.camaraatlanticosul.com\/wp-content\/uploads\/2021\/10\/6.jpg\" data-link=\"https:\/\/www.camaraatlanticosul.com\/?attachment_id=2368\" class=\"wp-image-2368\" srcset=\"https:\/\/www.camaraatlanticosul.com\/wp-content\/uploads\/2021\/10\/6-1024x683.jpg 1024w, https:\/\/www.camaraatlanticosul.com\/wp-content\/uploads\/2021\/10\/6-300x200.jpg 300w, https:\/\/www.camaraatlanticosul.com\/wp-content\/uploads\/2021\/10\/6-768x512.jpg 768w, https:\/\/www.camaraatlanticosul.com\/wp-content\/uploads\/2021\/10\/6-1536x1024.jpg 1536w, https:\/\/www.camaraatlanticosul.com\/wp-content\/uploads\/2021\/10\/6.jpg 1920w\" sizes=\"auto, (max-width: 1024px) 100vw, 1024px\" \/><\/figure><\/li><li class=\"blocks-gallery-item\"><figure><img loading=\"lazy\" decoding=\"async\" width=\"1024\" height=\"683\" src=\"https:\/\/www.camaraatlanticosul.com\/wp-content\/uploads\/2021\/10\/7-1024x683.jpg\" alt=\"\" data-id=\"2369\" data-full-url=\"https:\/\/www.camaraatlanticosul.com\/wp-content\/uploads\/2021\/10\/7.jpg\" data-link=\"https:\/\/www.camaraatlanticosul.com\/?attachment_id=2369\" class=\"wp-image-2369\" srcset=\"https:\/\/www.camaraatlanticosul.com\/wp-content\/uploads\/2021\/10\/7-1024x683.jpg 1024w, https:\/\/www.camaraatlanticosul.com\/wp-content\/uploads\/2021\/10\/7-300x200.jpg 300w, https:\/\/www.camaraatlanticosul.com\/wp-content\/uploads\/2021\/10\/7-768x512.jpg 768w, https:\/\/www.camaraatlanticosul.com\/wp-content\/uploads\/2021\/10\/7-1536x1024.jpg 1536w, https:\/\/www.camaraatlanticosul.com\/wp-content\/uploads\/2021\/10\/7.jpg 1920w\" sizes=\"auto, (max-width: 1024px) 100vw, 1024px\" \/><\/figure><\/li><li class=\"blocks-gallery-item\"><figure><img loading=\"lazy\" decoding=\"async\" width=\"1024\" height=\"683\" src=\"https:\/\/www.camaraatlanticosul.com\/wp-content\/uploads\/2021\/10\/8-1024x683.jpg\" alt=\"\" data-id=\"2370\" data-full-url=\"https:\/\/www.camaraatlanticosul.com\/wp-content\/uploads\/2021\/10\/8.jpg\" data-link=\"https:\/\/www.camaraatlanticosul.com\/?attachment_id=2370\" class=\"wp-image-2370\" srcset=\"https:\/\/www.camaraatlanticosul.com\/wp-content\/uploads\/2021\/10\/8-1024x683.jpg 1024w, https:\/\/www.camaraatlanticosul.com\/wp-content\/uploads\/2021\/10\/8-300x200.jpg 300w, https:\/\/www.camaraatlanticosul.com\/wp-content\/uploads\/2021\/10\/8-768x512.jpg 768w, https:\/\/www.camaraatlanticosul.com\/wp-content\/uploads\/2021\/10\/8-1536x1024.jpg 1536w, https:\/\/www.camaraatlanticosul.com\/wp-content\/uploads\/2021\/10\/8.jpg 1920w\" sizes=\"auto, (max-width: 1024px) 100vw, 1024px\" \/><\/figure><\/li><li class=\"blocks-gallery-item\"><figure><img loading=\"lazy\" decoding=\"async\" width=\"1024\" height=\"683\" src=\"https:\/\/www.camaraatlanticosul.com\/wp-content\/uploads\/2021\/10\/9-1024x683.jpg\" alt=\"\" data-id=\"2371\" data-full-url=\"https:\/\/www.camaraatlanticosul.com\/wp-content\/uploads\/2021\/10\/9.jpg\" data-link=\"https:\/\/www.camaraatlanticosul.com\/?attachment_id=2371\" class=\"wp-image-2371\" srcset=\"https:\/\/www.camaraatlanticosul.com\/wp-content\/uploads\/2021\/10\/9-1024x683.jpg 1024w, https:\/\/www.camaraatlanticosul.com\/wp-content\/uploads\/2021\/10\/9-300x200.jpg 300w, https:\/\/www.camaraatlanticosul.com\/wp-content\/uploads\/2021\/10\/9-768x512.jpg 768w, https:\/\/www.camaraatlanticosul.com\/wp-content\/uploads\/2021\/10\/9-1536x1024.jpg 1536w, https:\/\/www.camaraatlanticosul.com\/wp-content\/uploads\/2021\/10\/9.jpg 1920w\" sizes=\"auto, (max-width: 1024px) 100vw, 1024px\" \/><\/figure><\/li><\/ul><\/figure>","protected":false},"excerpt":{"rendered":"<p>Decorreu entre os dias&nbsp;13 e 14 de outubro&nbsp;a visita ao Centro e Norte de Portugal do Embaixador da Rep\u00fablica do Panam\u00e1 em Portugal,&nbsp;Pablo Garrido. Esta visita, organizada e acompanhada pela C\u00e2mara de Com\u00e9rcio Portugal -Atl\u00e2ntico Sul, teve em vista o contacto entre as autoridades panamenhas em Portugal e representantes do tecido empresarial destas duas regi\u00f5es. &hellip;<\/p>\n<p class=\"read-more\"> <a class=\"\" href=\"https:\/\/www.camaraatlanticosul.com\/es\/ccpas-acompanha-1-o-dia-da-visita-do-embaixador-da-republica-do-panama-em-portugal-ao-centro-e-norte-do-pais\/\"> <span class=\"screen-reader-text\">CCPAS acompanha 1.\u00ba dia da visita do Embaixador da Rep\u00fablica do Panam\u00e1 em Portugal ao centro e norte do pa\u00eds.<\/span> Leer m\u00e1s &raquo;<\/a><\/p>","protected":false},"author":3,"featured_media":2363,"comment_status":"closed","ping_status":"open","sticky":false,"template":"","format":"standard","meta":{"site-sidebar-layout":"default","site-content-layout":"default","ast-global-header-display":"","ast-main-header-display":"","ast-hfb-above-header-display":"","ast-hfb-below-header-display":"","ast-hfb-mobile-header-display":"","site-post-title":"","ast-breadcrumbs-content":"","ast-featured-img":"","footer-sml-layout":"","theme-transparent-header-meta":"default","adv-header-id-meta":"","stick-header-meta":"","header-above-stick-meta":"","header-main-stick-meta":"","header-below-stick-meta":"","footnotes":""},"categories":[17,5],"tags":[],"class_list":["post-2362","post","type-post","status-publish","format-standard","has-post-thumbnail","hentry","category-home-page","category-noticias"],"_links":{"self":[{"href":"https:\/\/www.camaraatlanticosul.com\/es\/wp-json\/wp\/v2\/posts\/2362","targetHints":{"allow":["GET"]}}],"collection":[{"href":"https:\/\/www.camaraatlanticosul.com\/es\/wp-json\/wp\/v2\/posts"}],"about":[{"href":"https:\/\/www.camaraatlanticosul.com\/es\/wp-json\/wp\/v2\/types\/post"}],"author":[{"embeddable":true,"href":"https:\/\/www.camaraatlanticosul.com\/es\/wp-json\/wp\/v2\/users\/3"}],"replies":[{"embeddable":true,"href":"https:\/\/www.camaraatlanticosul.com\/es\/wp-json\/wp\/v2\/comments?post=2362"}],"version-history":[{"count":2,"href":"https:\/\/www.camaraatlanticosul.com\/es\/wp-json\/wp\/v2\/posts\/2362\/revisions"}],"predecessor-version":[{"id":2376,"href":"https:\/\/www.camaraatlanticosul.com\/es\/wp-json\/wp\/v2\/posts\/2362\/revisions\/2376"}],"wp:featuredmedia":[{"embeddable":true,"href":"https:\/\/www.camaraatlanticosul.com\/es\/wp-json\/wp\/v2\/media\/2363"}],"wp:attachment":[{"href":"https:\/\/www.camaraatlanticosul.com\/es\/wp-json\/wp\/v2\/media?parent=2362"}],"wp:term":[{"taxonomy":"category","embeddable":true,"href":"https:\/\/www.camaraatlanticosul.com\/es\/wp-json\/wp\/v2\/categories?post=2362"},{"taxonomy":"post_tag","embeddable":true,"href":"https:\/\/www.camaraatlanticosul.com\/es\/wp-json\/wp\/v2\/tags?post=2362"}],"curies":[{"name":"wp","href":"https:\/\/api.w.org\/{rel}","templated":true}]}}