{"id":1015,"date":"2017-10-30T18:15:59","date_gmt":"2017-10-30T18:15:59","guid":{"rendered":"https:\/\/www.camaraatlanticosul.com\/?p=1015"},"modified":"2018-03-08T11:43:26","modified_gmt":"2018-03-08T11:43:26","slug":"miss-argentina-2017","status":"publish","type":"post","link":"https:\/\/www.camaraatlanticosul.com\/es\/miss-argentina-2017\/","title":{"rendered":"MISS\u00c3O EMPRESARIAL \u00c0 ARGENTINA 2017"},"content":{"rendered":"<div data-elementor-type=\"wp-post\" data-elementor-id=\"1015\" class=\"elementor elementor-1015 elementor-bc-flex-widget\">\n\t\t\t\t\t\t<div class=\"elementor-inner\">\n\t\t\t\t<div class=\"elementor-section-wrap\">\n\t\t\t\t\t\t\t\t\t<section class=\"elementor-section elementor-top-section elementor-element elementor-element-65c13a0d elementor-section-boxed elementor-section-height-default elementor-section-height-default\" data-id=\"65c13a0d\" data-element_type=\"section\">\n\t\t\t\t\t\t<div class=\"elementor-container elementor-column-gap-default\">\n\t\t\t\t\t\t\t<div class=\"elementor-row\">\n\t\t\t\t\t<div class=\"elementor-column elementor-col-100 elementor-top-column elementor-element elementor-element-48f6c8cf\" data-id=\"48f6c8cf\" data-element_type=\"column\">\n\t\t\t<div class=\"elementor-column-wrap elementor-element-populated\">\n\t\t\t\t\t\t\t<div class=\"elementor-widget-wrap\">\n\t\t\t\t\t\t<div class=\"elementor-element elementor-element-76f897a elementor-widget elementor-widget-text-editor\" data-id=\"76f897a\" data-element_type=\"widget\" data-widget_type=\"text-editor.default\">\n\t\t\t\t<div class=\"elementor-widget-container\">\n\t\t\t\t\t\t\t\t<div class=\"elementor-text-editor elementor-clearfix\">\n\t\t\t\t<p>Na qualidade de consultores, organiz\u00e1mos as agendas e acompanh\u00e1mos uma miss\u00e3o empresarial da Associa\u00e7\u00e3o Empresarial de Portugal (AEP) que teve lugar nos dias 9, 10 e 11 de Outubro de 2017, em Buenos Aires (cinco empresas).<\/p><p>Participaram empresas dos sectores t\u00eaxtil, pedras para constru\u00e7\u00e3o, tecnologias de informa\u00e7\u00e3o e mobili\u00e1rio.<\/p>\t\t\t\t\t<\/div>\n\t\t\t\t\t\t<\/div>\n\t\t\t\t<\/div>\n\t\t\t\t\t\t<\/div>\n\t\t\t\t\t<\/div>\n\t\t<\/div>\n\t\t\t\t\t\t\t\t<\/div>\n\t\t\t\t\t<\/div>\n\t\t<\/section>\n\t\t\t\t\t\t\t\t\t<\/div>\n\t\t\t<\/div>\n\t\t\t\t\t<\/div>","protected":false},"excerpt":{"rendered":"<p>Na qualidade de consultores, organiz\u00e1mos as agendas e acompanh\u00e1mos uma miss\u00e3o empresarial da Associa\u00e7\u00e3o Empresarial de Portugal (AEP) que teve lugar nos dias 9, 10 e 11 de Outubro de 2017, em Buenos Aires (cinco empresas). Participaram empresas dos sectores t\u00eaxtil, pedras para constru\u00e7\u00e3o, tecnologias de informa\u00e7\u00e3o e mobili\u00e1rio.<\/p>","protected":false},"author":1,"featured_media":1110,"comment_status":"closed","ping_status":"open","sticky":false,"template":"","format":"standard","meta":{"site-sidebar-layout":"default","site-content-layout":"default","ast-global-header-display":"","ast-main-header-display":"","ast-hfb-above-header-display":"","ast-hfb-below-header-display":"","ast-hfb-mobile-header-display":"","site-post-title":"","ast-breadcrumbs-content":"","ast-featured-img":"","footer-sml-layout":"","theme-transparent-header-meta":"","adv-header-id-meta":"","stick-header-meta":"","header-above-stick-meta":"","header-main-stick-meta":"","header-below-stick-meta":"","footnotes":""},"categories":[9],"tags":[],"class_list":["post-1015","post","type-post","status-publish","format-standard","has-post-thumbnail","hentry","category-missoes"],"_links":{"self":[{"href":"https:\/\/www.camaraatlanticosul.com\/es\/wp-json\/wp\/v2\/posts\/1015","targetHints":{"allow":["GET"]}}],"collection":[{"href":"https:\/\/www.camaraatlanticosul.com\/es\/wp-json\/wp\/v2\/posts"}],"about":[{"href":"https:\/\/www.camaraatlanticosul.com\/es\/wp-json\/wp\/v2\/types\/post"}],"author":[{"embeddable":true,"href":"https:\/\/www.camaraatlanticosul.com\/es\/wp-json\/wp\/v2\/users\/1"}],"replies":[{"embeddable":true,"href":"https:\/\/www.camaraatlanticosul.com\/es\/wp-json\/wp\/v2\/comments?post=1015"}],"version-history":[{"count":4,"href":"https:\/\/www.camaraatlanticosul.com\/es\/wp-json\/wp\/v2\/posts\/1015\/revisions"}],"predecessor-version":[{"id":1154,"href":"https:\/\/www.camaraatlanticosul.com\/es\/wp-json\/wp\/v2\/posts\/1015\/revisions\/1154"}],"wp:featuredmedia":[{"embeddable":true,"href":"https:\/\/www.camaraatlanticosul.com\/es\/wp-json\/wp\/v2\/media\/1110"}],"wp:attachment":[{"href":"https:\/\/www.camaraatlanticosul.com\/es\/wp-json\/wp\/v2\/media?parent=1015"}],"wp:term":[{"taxonomy":"category","embeddable":true,"href":"https:\/\/www.camaraatlanticosul.com\/es\/wp-json\/wp\/v2\/categories?post=1015"},{"taxonomy":"post_tag","embeddable":true,"href":"https:\/\/www.camaraatlanticosul.com\/es\/wp-json\/wp\/v2\/tags?post=1015"}],"curies":[{"name":"wp","href":"https:\/\/api.w.org\/{rel}","templated":true}]}}