{"id":1013,"date":"2017-04-30T18:15:48","date_gmt":"2017-04-30T18:15:48","guid":{"rendered":"https:\/\/www.camaraatlanticosul.com\/?p=1013"},"modified":"2018-03-15T17:17:49","modified_gmt":"2018-03-15T17:17:49","slug":"missao-colombia-peru2017","status":"publish","type":"post","link":"https:\/\/www.camaraatlanticosul.com\/es\/missao-colombia-peru2017\/","title":{"rendered":"MISS\u00c3O EMPRESARIAL \u00c0 COL\u00d4MBIA E AO PERU 2017"},"content":{"rendered":"<div data-elementor-type=\"wp-post\" data-elementor-id=\"1013\" class=\"elementor elementor-1013 elementor-bc-flex-widget\">\n\t\t\t\t\t\t<div class=\"elementor-inner\">\n\t\t\t\t<div class=\"elementor-section-wrap\">\n\t\t\t\t\t\t\t\t\t<section class=\"elementor-section elementor-top-section elementor-element elementor-element-ceba3a5 elementor-section-boxed elementor-section-height-default elementor-section-height-default\" data-id=\"ceba3a5\" data-element_type=\"section\">\n\t\t\t\t\t\t<div class=\"elementor-container elementor-column-gap-default\">\n\t\t\t\t\t\t\t<div class=\"elementor-row\">\n\t\t\t\t\t<div class=\"elementor-column elementor-col-100 elementor-top-column elementor-element elementor-element-5c3b8e50\" data-id=\"5c3b8e50\" data-element_type=\"column\">\n\t\t\t<div class=\"elementor-column-wrap elementor-element-populated\">\n\t\t\t\t\t\t\t<div class=\"elementor-widget-wrap\">\n\t\t\t\t\t\t<div class=\"elementor-element elementor-element-589daf16 elementor-widget elementor-widget-text-editor\" data-id=\"589daf16\" data-element_type=\"widget\" data-widget_type=\"text-editor.default\">\n\t\t\t\t<div class=\"elementor-widget-container\">\n\t\t\t\t\t\t\t\t<div class=\"elementor-text-editor elementor-clearfix\">\n\t\t\t\t<p>Entre 25 de Mar\u00e7o e 1 de Abril de 2017, foi a vez da Col\u00f4mbia e do Peru (8 participantes nos dois mercados).<\/p><p>Nessa ocasi\u00e3o, participaram empresas dos sectores de mobili\u00e1rio casa, agr\u00edcola, tecnologias de informa\u00e7\u00e3o, metalomec\u00e2nica, estufas agr\u00edcolas e vidros para fachadas.<\/p>\t\t\t\t\t<\/div>\n\t\t\t\t\t\t<\/div>\n\t\t\t\t<\/div>\n\t\t\t\t\t\t<\/div>\n\t\t\t\t\t<\/div>\n\t\t<\/div>\n\t\t\t\t\t\t\t\t<\/div>\n\t\t\t\t\t<\/div>\n\t\t<\/section>\n\t\t\t\t\t\t\t\t\t<\/div>\n\t\t\t<\/div>\n\t\t\t\t\t<\/div>","protected":false},"excerpt":{"rendered":"<p>Entre 25 de Mar\u00e7o e 1 de Abril de 2017, foi a vez da Col\u00f4mbia e do Peru (8 participantes nos dois mercados). Nessa ocasi\u00e3o, participaram empresas dos sectores de mobili\u00e1rio casa, agr\u00edcola, tecnologias de informa\u00e7\u00e3o, metalomec\u00e2nica, estufas agr\u00edcolas e vidros para fachadas.<\/p>","protected":false},"author":1,"featured_media":1107,"comment_status":"closed","ping_status":"open","sticky":false,"template":"","format":"standard","meta":{"site-sidebar-layout":"default","site-content-layout":"default","ast-global-header-display":"","ast-main-header-display":"","ast-hfb-above-header-display":"","ast-hfb-below-header-display":"","ast-hfb-mobile-header-display":"","site-post-title":"","ast-breadcrumbs-content":"","ast-featured-img":"","footer-sml-layout":"","theme-transparent-header-meta":"","adv-header-id-meta":"","stick-header-meta":"","header-above-stick-meta":"","header-main-stick-meta":"","header-below-stick-meta":"","footnotes":""},"categories":[9],"tags":[],"class_list":["post-1013","post","type-post","status-publish","format-standard","has-post-thumbnail","hentry","category-missoes"],"_links":{"self":[{"href":"https:\/\/www.camaraatlanticosul.com\/es\/wp-json\/wp\/v2\/posts\/1013","targetHints":{"allow":["GET"]}}],"collection":[{"href":"https:\/\/www.camaraatlanticosul.com\/es\/wp-json\/wp\/v2\/posts"}],"about":[{"href":"https:\/\/www.camaraatlanticosul.com\/es\/wp-json\/wp\/v2\/types\/post"}],"author":[{"embeddable":true,"href":"https:\/\/www.camaraatlanticosul.com\/es\/wp-json\/wp\/v2\/users\/1"}],"replies":[{"embeddable":true,"href":"https:\/\/www.camaraatlanticosul.com\/es\/wp-json\/wp\/v2\/comments?post=1013"}],"version-history":[{"count":4,"href":"https:\/\/www.camaraatlanticosul.com\/es\/wp-json\/wp\/v2\/posts\/1013\/revisions"}],"predecessor-version":[{"id":1479,"href":"https:\/\/www.camaraatlanticosul.com\/es\/wp-json\/wp\/v2\/posts\/1013\/revisions\/1479"}],"wp:featuredmedia":[{"embeddable":true,"href":"https:\/\/www.camaraatlanticosul.com\/es\/wp-json\/wp\/v2\/media\/1107"}],"wp:attachment":[{"href":"https:\/\/www.camaraatlanticosul.com\/es\/wp-json\/wp\/v2\/media?parent=1013"}],"wp:term":[{"taxonomy":"category","embeddable":true,"href":"https:\/\/www.camaraatlanticosul.com\/es\/wp-json\/wp\/v2\/categories?post=1013"},{"taxonomy":"post_tag","embeddable":true,"href":"https:\/\/www.camaraatlanticosul.com\/es\/wp-json\/wp\/v2\/tags?post=1013"}],"curies":[{"name":"wp","href":"https:\/\/api.w.org\/{rel}","templated":true}]}}