{"id":1011,"date":"2016-04-30T18:15:30","date_gmt":"2016-04-30T18:15:30","guid":{"rendered":"https:\/\/www.camaraatlanticosul.com\/?p=1011"},"modified":"2018-03-15T17:19:17","modified_gmt":"2018-03-15T17:19:17","slug":"missao-uruguai2016","status":"publish","type":"post","link":"https:\/\/www.camaraatlanticosul.com\/es\/missao-uruguai2016\/","title":{"rendered":"MISS\u00c3O EMPRESARIAL AO URUGUAI 2016\u200b"},"content":{"rendered":"<div data-elementor-type=\"wp-post\" data-elementor-id=\"1011\" class=\"elementor elementor-1011 elementor-bc-flex-widget\">\n\t\t\t\t\t\t<div class=\"elementor-inner\">\n\t\t\t\t<div class=\"elementor-section-wrap\">\n\t\t\t\t\t\t\t\t\t<section class=\"elementor-section elementor-top-section elementor-element elementor-element-2ea9469d elementor-section-boxed elementor-section-height-default elementor-section-height-default\" data-id=\"2ea9469d\" data-element_type=\"section\">\n\t\t\t\t\t\t<div class=\"elementor-container elementor-column-gap-default\">\n\t\t\t\t\t\t\t<div class=\"elementor-row\">\n\t\t\t\t\t<div class=\"elementor-column elementor-col-100 elementor-top-column elementor-element elementor-element-78b304fe\" data-id=\"78b304fe\" data-element_type=\"column\">\n\t\t\t<div class=\"elementor-column-wrap elementor-element-populated\">\n\t\t\t\t\t\t\t<div class=\"elementor-widget-wrap\">\n\t\t\t\t\t\t<div class=\"elementor-element elementor-element-5ad18157 elementor-widget elementor-widget-text-editor\" data-id=\"5ad18157\" data-element_type=\"widget\" data-widget_type=\"text-editor.default\">\n\t\t\t\t<div class=\"elementor-widget-container\">\n\t\t\t\t\t\t\t\t<div class=\"elementor-text-editor elementor-clearfix\">\n\t\t\t\t<p><strong>Organiza\u00e7\u00e3o da Funda\u00e7\u00e3o AIP e co-organiza\u00e7\u00e3o da CCPAS.<\/strong><\/p><p>A primeira iniciativa conjunta decorreu em Abril de 2016, quando a Funda\u00e7\u00e3o AIP inseriu uma miss\u00e3o empresarial ao Uruguai no programa da Primeira Semana de Portugal naquele pa\u00eds. Este foi um evento organizado pela CCPAS que contou com quatro dimens\u00f5es: cultural, gastron\u00f3mica, acad\u00e9mica e empresarial.<\/p><p>Nesta miss\u00e3o (da qual fomos co-organizadores), participaram seis empresas de v\u00e1rios sectores (moldes, alimentar, engenharia e consultoria) que mantiveram uma m\u00e9dia de 3 reuni\u00f5es por dia.<\/p><p>Os bons resultados desta organiza\u00e7\u00e3o conjunta levaram a Funda\u00e7\u00e3o AIP a convidar-nos a co-organizar uma miss\u00e3o empresarial ao Chile e \u00e0 Argentina.<\/p>\t\t\t\t\t<\/div>\n\t\t\t\t\t\t<\/div>\n\t\t\t\t<\/div>\n\t\t\t\t\t\t<\/div>\n\t\t\t\t\t<\/div>\n\t\t<\/div>\n\t\t\t\t\t\t\t\t<\/div>\n\t\t\t\t\t<\/div>\n\t\t<\/section>\n\t\t\t\t\t\t\t\t\t<\/div>\n\t\t\t<\/div>\n\t\t\t\t\t<\/div>","protected":false},"excerpt":{"rendered":"<p>Organiza\u00e7\u00e3o da Funda\u00e7\u00e3o AIP e co-organiza\u00e7\u00e3o da CCPAS. A primeira iniciativa conjunta decorreu em Abril de 2016, quando a Funda\u00e7\u00e3o AIP inseriu uma miss\u00e3o empresarial ao Uruguai no programa da Primeira Semana de Portugal naquele pa\u00eds. Este foi um evento organizado pela CCPAS que contou com quatro dimens\u00f5es: cultural, gastron\u00f3mica, acad\u00e9mica e empresarial. Nesta miss\u00e3o &hellip;<\/p>\n<p class=\"read-more\"> <a class=\"\" href=\"https:\/\/www.camaraatlanticosul.com\/es\/missao-uruguai2016\/\"> <span class=\"screen-reader-text\">MISS\u00c3O EMPRESARIAL AO URUGUAI 2016\u200b<\/span> Leer m\u00e1s &raquo;<\/a><\/p>","protected":false},"author":1,"featured_media":1072,"comment_status":"closed","ping_status":"open","sticky":false,"template":"","format":"standard","meta":{"site-sidebar-layout":"default","site-content-layout":"default","ast-global-header-display":"","ast-main-header-display":"","ast-hfb-above-header-display":"","ast-hfb-below-header-display":"","ast-hfb-mobile-header-display":"","site-post-title":"","ast-breadcrumbs-content":"","ast-featured-img":"","footer-sml-layout":"","theme-transparent-header-meta":"","adv-header-id-meta":"","stick-header-meta":"","header-above-stick-meta":"","header-main-stick-meta":"","header-below-stick-meta":"","footnotes":""},"categories":[9],"tags":[],"class_list":["post-1011","post","type-post","status-publish","format-standard","has-post-thumbnail","hentry","category-missoes"],"_links":{"self":[{"href":"https:\/\/www.camaraatlanticosul.com\/es\/wp-json\/wp\/v2\/posts\/1011","targetHints":{"allow":["GET"]}}],"collection":[{"href":"https:\/\/www.camaraatlanticosul.com\/es\/wp-json\/wp\/v2\/posts"}],"about":[{"href":"https:\/\/www.camaraatlanticosul.com\/es\/wp-json\/wp\/v2\/types\/post"}],"author":[{"embeddable":true,"href":"https:\/\/www.camaraatlanticosul.com\/es\/wp-json\/wp\/v2\/users\/1"}],"replies":[{"embeddable":true,"href":"https:\/\/www.camaraatlanticosul.com\/es\/wp-json\/wp\/v2\/comments?post=1011"}],"version-history":[{"count":5,"href":"https:\/\/www.camaraatlanticosul.com\/es\/wp-json\/wp\/v2\/posts\/1011\/revisions"}],"predecessor-version":[{"id":1481,"href":"https:\/\/www.camaraatlanticosul.com\/es\/wp-json\/wp\/v2\/posts\/1011\/revisions\/1481"}],"wp:featuredmedia":[{"embeddable":true,"href":"https:\/\/www.camaraatlanticosul.com\/es\/wp-json\/wp\/v2\/media\/1072"}],"wp:attachment":[{"href":"https:\/\/www.camaraatlanticosul.com\/es\/wp-json\/wp\/v2\/media?parent=1011"}],"wp:term":[{"taxonomy":"category","embeddable":true,"href":"https:\/\/www.camaraatlanticosul.com\/es\/wp-json\/wp\/v2\/categories?post=1011"},{"taxonomy":"post_tag","embeddable":true,"href":"https:\/\/www.camaraatlanticosul.com\/es\/wp-json\/wp\/v2\/tags?post=1011"}],"curies":[{"name":"wp","href":"https:\/\/api.w.org\/{rel}","templated":true}]}}